{"id":903,"date":"2022-08-04T13:30:51","date_gmt":"2022-08-04T11:30:51","guid":{"rendered":"https:\/\/www.sportrebel.pl\/blog\/?p=903"},"modified":"2023-01-05T10:19:56","modified_gmt":"2023-01-05T09:19:56","slug":"bramkarz-w-hokeju-slownik-pojec","status":"publish","type":"post","link":"https:\/\/www.sportrebel.pl\/blog\/bramkarz-w-hokeju-slownik-pojec\/","title":{"rendered":"Bramkarz w hokeju &#8211; s\u0142ownik poj\u0119\u0107."},"content":{"rendered":"<span class=\"span-reading-time rt-reading-time\" style=\"display: block;\"><span class=\"rt-label rt-prefix\">Reading Time: <\/span> <span class=\"rt-time\"> 7<\/span> <span class=\"rt-label rt-postfix\">minutes<\/span><\/span>\n<h2 class=\"wp-block-heading\">Pozycja bramkarza.<\/h2>\n\n\n\n<p>S\u0142owem wst\u0119pu. Pozycja bramkarza w hokeju to kompletnie odmienna gra ni\u017c zawodnika z pola. Hokejowy bramkarz, czyli popularny \u201eGOALIE\u201d to wymagaj\u0105ca robota charakteryzuj\u0105ca si\u0119 wyj\u0105tkowym treningiem, sprz\u0119tem oraz podej\u015bciem do kwestii mentalnych na lodzie. Chcemy Wam dzi\u015b przybli\u017cy\u0107 specyfik\u0119 poj\u0119\u0107, zw\u0142aszcza z zakresu <mark style=\"background-color:rgba(0, 0, 0, 0)\" class=\"has-inline-color has-accent-color\"><a href=\"https:\/\/www.sportrebel.pl\/hokej\/Bramkarz\/21\/1\/miniatury\/domyslnie\/malejaco\" target=\"_blank\" rel=\"noreferrer noopener\" title=\"sprz\u0119tu jakiego u\u017cywaj\u0105 bramkarze\">sprz\u0119tu jakiego u\u017cywaj\u0105 bramkarze<\/a><\/mark>. Wiele z poni\u017cszych poj\u0119\u0107 nie jest do ko\u0144ca znanych w Polskim \u015bwiecie hokeja, ale warto si\u0119 z nimi zapozna\u0107 aby mie\u0107 lepsz\u0105 orientacj\u0119 co bramkarz ma na sobie i dlaczego.<\/p>\n\n\n\n<h3 class=\"wp-block-heading\">Strefy punktowe (Scoring Zones)<\/h3>\n\n\n\n<div class=\"wp-block-columns is-layout-flex wp-container-core-columns-is-layout-9d6595d7 wp-block-columns-is-layout-flex\">\n<div class=\"wp-block-column is-layout-flow wp-block-column-is-layout-flow\">\n<figure class=\"wp-block-image size-large\"><img loading=\"lazy\" decoding=\"async\" width=\"1024\" height=\"866\" src=\"https:\/\/www.sportrebel.pl\/blog\/content\/uploads\/2022\/07\/bramkarz_hokej_strefy_punktowe-min-1-1024x866.jpg\" alt=\"\" class=\"wp-image-915\" srcset=\"https:\/\/www.sportrebel.pl\/blog\/content\/uploads\/2022\/07\/bramkarz_hokej_strefy_punktowe-min-1-1024x866.jpg 1024w, https:\/\/www.sportrebel.pl\/blog\/content\/uploads\/2022\/07\/bramkarz_hokej_strefy_punktowe-min-1-300x254.jpg 300w, https:\/\/www.sportrebel.pl\/blog\/content\/uploads\/2022\/07\/bramkarz_hokej_strefy_punktowe-min-1-768x650.jpg 768w, https:\/\/www.sportrebel.pl\/blog\/content\/uploads\/2022\/07\/bramkarz_hokej_strefy_punktowe-min-1.jpg 1213w\" sizes=\"auto, (max-width: 1024px) 100vw, 1024px\" \/><figcaption class=\"wp-element-caption\">Numeracja stref punktowych bramkarza.<\/figcaption><\/figure>\n<\/div>\n\n\n\n<div class=\"wp-block-column is-layout-flow wp-block-column-is-layout-flow\">\n<p>Patrz\u0105c na bramkarza hokejowego na tle bramki mo\u017cemy wyr\u00f3\u017cni\u0107 kilka stref, kt\u00f3re dziel\u0105 ca\u0142\u0105 &#8220;pozycj\u0119&#8221; na cz\u0119\u015bci, dzi\u0119ki kt\u00f3rym \u0142atwiej mo\u017cemy okre\u015bli\u0107 miejsca gdzie kr\u0105\u017cek hokejowy mo\u017ce potencjalnie znale\u017a\u0107 drog\u0119 do bramki. Wersja podstawowa podzia\u0142u obejmuje 5 stref punktowych. Poni\u017cej kr\u00f3tko je opisali\u015bmy, a w niedalekiej przesz\u0142o\u015bci podzia\u0142 ten zosta\u0142 rozbudowany o dodatkowe dwie strefy.<\/p>\n<\/div>\n<\/div>\n\n\n\n<pre class=\"wp-block-verse\"><strong>1<\/strong> <strong>-<\/strong> <strong>Strefa kija, niska <\/strong>- strefa obejmuje doln\u0105 cz\u0119\u015b\u0107 strony gdzie bramkarz trzyma kij - obszar od po\u0142owy kija w d\u00f3\u0142 granicy to rami\u0119 z obijaczk\u0105, l\u00f3d oraz s\u0142upek bramki. Podczas \u201ebutterflaja\u201d obszar ten chroniony jest przez nog\u0119 w parkanie oraz odbijaczk\u0119 spoczywaj\u0105c\u0105 na parkanie. Kiedy bramkarz stoi, \u201ewios\u0142o\u201d kija u\u017cywane jest do ochrony tej strefy, poprzez zbijanie kr\u0105\u017cka.\n<\/pre>\n\n\n\n<pre class=\"wp-block-verse\"><strong>2<\/strong> <strong>- Strona \u0142apaczki, niska<\/strong> \u2013 strefa obejmuje doln\u0105 cz\u0119\u015b\u0107 strony, gdzie bramkarz trzyma \u0142apaczk\u0119 \u2013 obszar obejmuje stref\u0119 od \u0142apaczki, po tafl\u0119 lodu i s\u0142upek bramki. Podczas \u201ebutterflaja\u201d strefa ta chroniona jest ca\u0142kowicie poprzez \u0142apaczk\u0119 nad parkanem.<\/pre>\n\n\n\n<pre class=\"wp-block-verse\"><strong>3 -<\/strong> <strong>Strona \u0142apaczki, wysoka<\/strong> \u2013 strefa obejmuje obszar od \u0142apaczki i ramienia na dole, poprzez mask\u0119 wewn\u0105trz po s\u0142upek i poprzeczk\u0119 z zewn\u0105trz strefy.<\/pre>\n\n\n\n<pre class=\"wp-block-verse\"><strong>4<\/strong> - <strong>Strefa kija, wysoka <\/strong>\u2013 obszar g\u00f3rny gdzie bramkarz trzyma kij, t\u0105 stref\u0119 definiuj\u0105 \u0142apaczka i ramie jako d\u00f3\u0142, maska,&nbsp; poprzeczka bramki i s\u0142upek. G\u00f3rna po\u0142owa kija bramkarskiego mie\u015bci si\u0119 w tej strefie, jednak nie jest zazwyczaj u\u017cywana do zatrzymania kr\u0105\u017cka.<\/pre>\n\n\n\n<pre class=\"wp-block-verse\"><strong>&nbsp;5 - \u201eFive-hole\u201d \u2013 \u201ePi\u0105ta Dziura\u201d<\/strong> \u2013 pi\u0105ta i ostatnia strefa pomi\u0119dzy nogami i \u0142y\u017cwami&nbsp; bramkarza. Strefa ta chroniona jest przez \u0142opatk\u0119 kija bramkarskiego oraz g\u00f3rn\u0105 cz\u0119\u015b\u0107 parkan\u00f3w w czasie obrony w pozycji \u201ebutterfly\u201d.<\/pre>\n\n\n\n<div class=\"wp-block-columns is-layout-flex wp-container-core-columns-is-layout-9d6595d7 wp-block-columns-is-layout-flex\">\n<div class=\"wp-block-column is-layout-flow wp-block-column-is-layout-flow\">\n<figure class=\"wp-block-image size-large\"><img loading=\"lazy\" decoding=\"async\" width=\"1024\" height=\"663\" src=\"https:\/\/www.sportrebel.pl\/blog\/content\/uploads\/2022\/07\/bramkarz_hokej_strefy_punktowe_2-min-1-1024x663.jpg\" alt=\"\" class=\"wp-image-911\" srcset=\"https:\/\/www.sportrebel.pl\/blog\/content\/uploads\/2022\/07\/bramkarz_hokej_strefy_punktowe_2-min-1-1024x663.jpg 1024w, https:\/\/www.sportrebel.pl\/blog\/content\/uploads\/2022\/07\/bramkarz_hokej_strefy_punktowe_2-min-1-300x194.jpg 300w, https:\/\/www.sportrebel.pl\/blog\/content\/uploads\/2022\/07\/bramkarz_hokej_strefy_punktowe_2-min-1-768x497.jpg 768w, https:\/\/www.sportrebel.pl\/blog\/content\/uploads\/2022\/07\/bramkarz_hokej_strefy_punktowe_2-min-1.jpg 1232w\" sizes=\"auto, (max-width: 1024px) 100vw, 1024px\" \/><figcaption class=\"wp-element-caption\">Dodatkowe strefy punktowe.<\/figcaption><\/figure>\n<\/div>\n\n\n\n<div class=\"wp-block-column is-layout-flow wp-block-column-is-layout-flow\">\n<p>W roku 2000 wyr\u00f3\u017cniono dodatkowo <strong>2 strefy<\/strong> pod ramionami bramkarza gdzie czasem prze\u015blizguje si\u0119 kr\u0105\u017cek. <\/p>\n\n\n\n<pre class=\"wp-block-verse\">Nazwano je <strong>\u201esix hole\u201d<\/strong> mi\u0119dzy ramieniem trzymaj\u0105cym kij a cia\u0142em bramkarza, oraz<strong> \u201eseven hole\u201d<\/strong> mi\u0119dzy ramieniem trzymaj\u0105cym \u0142apaczk\u0119, a cia\u0142em bramkarza. Bramki wpadaj\u0105ce w strefy 5, 6 i 7 uwa\u017ca si\u0119 za oznak\u0119 s\u0142abego bronienia lub tez mo\u017cna je potocznie nazwa\u0107 \u201eszmatami\u201d.<\/pre>\n<\/div>\n<\/div>\n\n\n\n<h3 class=\"wp-block-heading\">Nazewnictwo poszczeg\u00f3lnych cz\u0119\u015bci ekwipunku bramkarza hokejowego.<\/h3>\n\n\n\n<p><\/p>\n\n\n\n<div class=\"wp-block-columns are-vertically-aligned-center is-layout-flex wp-container-core-columns-is-layout-9d6595d7 wp-block-columns-is-layout-flex\">\n<div class=\"wp-block-column is-vertically-aligned-center is-layout-flow wp-block-column-is-layout-flow\" style=\"flex-basis:33.33%\">\n<pre class=\"wp-block-verse has-text-align-left\"><strong><mark style=\"background-color:rgba(0, 0, 0, 0)\" class=\"has-inline-color has-accent-color\">FLAT FACED<\/mark><\/strong> (<strong>Parkany o p\u0142askiej powierzchni<\/strong>) \u2013 powierzchnia bez wyra\u017anych wybrzusze\u0144, pomaga w lepszej kontroli zbijanego kr\u0105\u017cka<\/pre>\n<\/div>\n\n\n\n<div class=\"wp-block-column is-vertically-aligned-center is-layout-flow wp-block-column-is-layout-flow\" style=\"flex-basis:66.66%\">\n<figure class=\"wp-block-image size-large\"><img loading=\"lazy\" decoding=\"async\" width=\"1024\" height=\"603\" src=\"https:\/\/www.sportrebel.pl\/blog\/content\/uploads\/2022\/08\/bramkarz_hokej_powierzchnia_parkanow_rys-1024x603.jpg\" alt=\"\" class=\"wp-image-934\" srcset=\"https:\/\/www.sportrebel.pl\/blog\/content\/uploads\/2022\/08\/bramkarz_hokej_powierzchnia_parkanow_rys-1024x603.jpg 1024w, https:\/\/www.sportrebel.pl\/blog\/content\/uploads\/2022\/08\/bramkarz_hokej_powierzchnia_parkanow_rys-300x177.jpg 300w, https:\/\/www.sportrebel.pl\/blog\/content\/uploads\/2022\/08\/bramkarz_hokej_powierzchnia_parkanow_rys-768x453.jpg 768w, https:\/\/www.sportrebel.pl\/blog\/content\/uploads\/2022\/08\/bramkarz_hokej_powierzchnia_parkanow_rys.jpg 1108w\" sizes=\"auto, (max-width: 1024px) 100vw, 1024px\" \/><\/figure>\n<\/div>\n<\/div>\n\n\n\n<p><\/p>\n\n\n\n<div class=\"wp-block-columns are-vertically-aligned-center is-layout-flex wp-container-core-columns-is-layout-9d6595d7 wp-block-columns-is-layout-flex\">\n<div class=\"wp-block-column is-vertically-aligned-center is-layout-flow wp-block-column-is-layout-flow\" style=\"flex-basis:33.33%\">\n<pre class=\"wp-block-verse\"><strong><mark style=\"background-color:rgba(0, 0, 0, 0)\" class=\"has-inline-color has-accent-color\">KNEE ROLLS<\/mark><\/strong>&nbsp;- <strong>Rolki na wysoko\u015bci kolan (horyzontalne)<\/strong> \u2013 \u201erolki\u201d po\u0142o\u017cone horyzontalnie pozwalaj\u0105ce na zginanie cz\u0119\u015bci udowej parkanu. Aktualnie \u201erolki\u201d te to raczej zabieg kosmetyczny ni\u017c pierwotna funkcja. To budowa wn\u0119trza parkan\u00f3w pozwala na uzyskanie odpowiedniego \u201eflexu\u201d, innymi s\u0142owy miejsca \u201e\u0142amania\u201d parkan\u00f3w wyprowadzono do wewn\u0105trz.<\/pre>\n<\/div>\n\n\n\n<div class=\"wp-block-column is-vertically-aligned-center is-layout-flow wp-block-column-is-layout-flow\" style=\"flex-basis:66.66%\"><div class=\"wp-block-image\">\n<figure class=\"aligncenter size-large\"><img loading=\"lazy\" decoding=\"async\" width=\"1024\" height=\"379\" src=\"https:\/\/www.sportrebel.pl\/blog\/content\/uploads\/2022\/08\/bramkarz_hokej_knee_rolls-min-1024x379.jpg\" alt=\"\" class=\"wp-image-920\" srcset=\"https:\/\/www.sportrebel.pl\/blog\/content\/uploads\/2022\/08\/bramkarz_hokej_knee_rolls-min-1024x379.jpg 1024w, https:\/\/www.sportrebel.pl\/blog\/content\/uploads\/2022\/08\/bramkarz_hokej_knee_rolls-min-300x111.jpg 300w, https:\/\/www.sportrebel.pl\/blog\/content\/uploads\/2022\/08\/bramkarz_hokej_knee_rolls-min-768x284.jpg 768w, https:\/\/www.sportrebel.pl\/blog\/content\/uploads\/2022\/08\/bramkarz_hokej_knee_rolls-min-1536x569.jpg 1536w, https:\/\/www.sportrebel.pl\/blog\/content\/uploads\/2022\/08\/bramkarz_hokej_knee_rolls-min-2048x758.jpg 2048w\" sizes=\"auto, (max-width: 1024px) 100vw, 1024px\" \/><figcaption class=\"wp-element-caption\">&#8220;Rolki&#8221; na tradycyjnych parkanach starego typu<\/figcaption><\/figure>\n<\/div><\/div>\n<\/div>\n\n\n\n<div class=\"wp-block-columns are-vertically-aligned-center is-layout-flex wp-container-core-columns-is-layout-9d6595d7 wp-block-columns-is-layout-flex\">\n<div class=\"wp-block-column is-vertically-aligned-center is-layout-flow wp-block-column-is-layout-flow\" style=\"flex-basis:33.33%\">\n<pre class=\"wp-block-verse\"><strong><mark style=\"background-color:rgba(0, 0, 0, 0)\" class=\"has-inline-color has-accent-color\">+1, +2, +3<\/mark> <\/strong>\u2013 <strong>Rozmiar z oznaczeniem \u201e+\u201d.<\/strong> Je\u017celi okre\u015blamy rozmiar przyk\u0142adowo 32+2 oznacza to i\u017c parkany maj\u0105 rozmiar 32 cali plus dodatkowo 2 cale wi\u0119cej aby chroni\u0107 tzw. <strong>Five-hole<\/strong> (dziur\u0119 mi\u0119dzy nogami). Tak wi\u0119c powy\u017cszy rozmiar b\u0119dzie pasowa\u0142 dla tego komu pasuje w\u0142a\u015bnie 32\u201d, jednak d\u0142ugo\u015b\u0107 parkan\u00f3w b\u0119dzie wynosi\u0142a 34\u201d. Rozmiar 34+2 pasuje normalnie do rozmiaru 34\u201d ale ca\u0142kowita d\u0142ugo\u015b\u0107 to 36\u201d.\n<\/pre>\n<\/div>\n\n\n\n<div class=\"wp-block-column is-vertically-aligned-center is-layout-flow wp-block-column-is-layout-flow\" style=\"flex-basis:66.66%\"><div class=\"wp-block-image\">\n<figure class=\"aligncenter size-full is-resized\"><img loading=\"lazy\" decoding=\"async\" src=\"https:\/\/www.sportrebel.pl\/blog\/content\/uploads\/2022\/08\/bramkarz_hokej_system_rozmiar-min.jpg\" alt=\"\" class=\"wp-image-923\" width=\"334\" height=\"95\" srcset=\"https:\/\/www.sportrebel.pl\/blog\/content\/uploads\/2022\/08\/bramkarz_hokej_system_rozmiar-min.jpg 992w, https:\/\/www.sportrebel.pl\/blog\/content\/uploads\/2022\/08\/bramkarz_hokej_system_rozmiar-min-300x85.jpg 300w, https:\/\/www.sportrebel.pl\/blog\/content\/uploads\/2022\/08\/bramkarz_hokej_system_rozmiar-min-768x217.jpg 768w\" sizes=\"auto, (max-width: 334px) 100vw, 334px\" \/><figcaption class=\"wp-element-caption\">Tradycyjny system rozmiar\u00f3w parkan\u00f3w bramkarskich<\/figcaption><\/figure>\n<\/div><\/div>\n<\/div>\n\n\n\n<div class=\"wp-block-columns are-vertically-aligned-center is-layout-flex wp-container-core-columns-is-layout-9d6595d7 wp-block-columns-is-layout-flex\">\n<div class=\"wp-block-column is-vertically-aligned-center is-layout-flow wp-block-column-is-layout-flow\" style=\"flex-basis:33.33%\">\n<pre class=\"wp-block-verse\"><mark style=\"background-color:rgba(0, 0, 0, 0)\" class=\"has-inline-color has-accent-color\"><strong>SYSTEM ROZMIAR\u00d3W BAUER<\/strong><\/mark> - Nowy system pomiaru parkan\u00f3w. Upraszcza dotychczasowe metody mierzenia, kt\u00f3re by\u0142y cz\u0119sto nie do ko\u0144ca zrozumia\u0142e dla u\u017cytkownik\u00f3w. Dzi\u0119ki prostej miarce mo\u017cemy dobra\u0107 d\u0142ugo\u015b\u0107 i rozmiar do w\u0142a\u015bciwych parkan\u00f3w firmy BAUER.<\/pre>\n<\/div>\n\n\n\n<div class=\"wp-block-column is-vertically-aligned-center is-layout-flow wp-block-column-is-layout-flow\" style=\"flex-basis:66.66%\"><div class=\"wp-block-image\">\n<figure class=\"aligncenter size-full is-resized\"><img loading=\"lazy\" decoding=\"async\" src=\"https:\/\/www.sportrebel.pl\/blog\/content\/uploads\/2022\/08\/bramkarz_rozmiar_parkanow_3.jpg\" alt=\"\" class=\"wp-image-926\" width=\"329\" height=\"117\" srcset=\"https:\/\/www.sportrebel.pl\/blog\/content\/uploads\/2022\/08\/bramkarz_rozmiar_parkanow_3.jpg 901w, https:\/\/www.sportrebel.pl\/blog\/content\/uploads\/2022\/08\/bramkarz_rozmiar_parkanow_3-300x107.jpg 300w, https:\/\/www.sportrebel.pl\/blog\/content\/uploads\/2022\/08\/bramkarz_rozmiar_parkanow_3-768x274.jpg 768w\" sizes=\"auto, (max-width: 329px) 100vw, 329px\" \/><\/figure>\n<\/div><\/div>\n<\/div>\n\n\n<div class=\"wp-block-image\">\n<figure class=\"aligncenter size-large\"><img loading=\"lazy\" decoding=\"async\" width=\"1024\" height=\"683\" src=\"https:\/\/www.sportrebel.pl\/blog\/content\/uploads\/2022\/08\/bramkarz_hokej_rozmiar_parkanow-min-1024x683.jpg\" alt=\"\" class=\"wp-image-933\" srcset=\"https:\/\/www.sportrebel.pl\/blog\/content\/uploads\/2022\/08\/bramkarz_hokej_rozmiar_parkanow-min-1024x683.jpg 1024w, https:\/\/www.sportrebel.pl\/blog\/content\/uploads\/2022\/08\/bramkarz_hokej_rozmiar_parkanow-min-300x200.jpg 300w, https:\/\/www.sportrebel.pl\/blog\/content\/uploads\/2022\/08\/bramkarz_hokej_rozmiar_parkanow-min-768x512.jpg 768w, https:\/\/www.sportrebel.pl\/blog\/content\/uploads\/2022\/08\/bramkarz_hokej_rozmiar_parkanow-min-1536x1025.jpg 1536w\" sizes=\"auto, (max-width: 1024px) 100vw, 1024px\" \/><figcaption class=\"wp-element-caption\">Oznaczenie rozmiar\u00f3w na parkanach firmy BAUER HOCKEY.<\/figcaption><\/figure>\n<\/div>\n\n\n<div class=\"wp-block-columns are-vertically-aligned-center is-layout-flex wp-container-core-columns-is-layout-9d6595d7 wp-block-columns-is-layout-flex\">\n<div class=\"wp-block-column is-vertically-aligned-center is-layout-flow wp-block-column-is-layout-flow\" style=\"flex-basis:33.33%\">\n<pre class=\"wp-block-verse\"><strong><mark style=\"background-color:rgba(0, 0, 0, 0)\" class=\"has-inline-color has-accent-color\">BREAK<\/mark><\/strong>&nbsp;- <strong>\u0141amanie<\/strong> \u2013 inaczej zgi\u0119cie (break), fa\u0142d (crease),&nbsp; prze\u0142amanie (cleave),&nbsp;to miejsce gdzie parkany poddaj\u0105 si\u0119 zgi\u0119ciu. Mog\u0105 posiada\u0107 \u201e\u0142amanie\u201d powy\u017cej i poni\u017cej kolana.\n\n\n<\/pre>\n<\/div>\n\n\n\n<div class=\"wp-block-column is-vertically-aligned-center is-layout-flow wp-block-column-is-layout-flow\" style=\"flex-basis:66.66%\"><div class=\"wp-block-image\">\n<figure class=\"aligncenter size-large is-resized\"><img loading=\"lazy\" decoding=\"async\" src=\"https:\/\/www.sportrebel.pl\/blog\/content\/uploads\/2022\/08\/bramkarz_hokej_lamanie-1-1024x766.jpg\" alt=\"\" class=\"wp-image-937\" width=\"320\" height=\"239\" srcset=\"https:\/\/www.sportrebel.pl\/blog\/content\/uploads\/2022\/08\/bramkarz_hokej_lamanie-1-1024x766.jpg 1024w, https:\/\/www.sportrebel.pl\/blog\/content\/uploads\/2022\/08\/bramkarz_hokej_lamanie-1-300x224.jpg 300w, https:\/\/www.sportrebel.pl\/blog\/content\/uploads\/2022\/08\/bramkarz_hokej_lamanie-1-768x574.jpg 768w, https:\/\/www.sportrebel.pl\/blog\/content\/uploads\/2022\/08\/bramkarz_hokej_lamanie-1.jpg 1158w\" sizes=\"auto, (max-width: 320px) 100vw, 320px\" \/><figcaption class=\"wp-element-caption\">Przyk\u0142ad miejsca \u0142amania parkan\u00f3w bramkarskich<\/figcaption><\/figure>\n<\/div><\/div>\n<\/div>\n\n\n\n<div class=\"wp-block-columns are-vertically-aligned-center is-layout-flex wp-container-core-columns-is-layout-9d6595d7 wp-block-columns-is-layout-flex\">\n<div class=\"wp-block-column is-vertically-aligned-center is-layout-flow wp-block-column-is-layout-flow\" style=\"flex-basis:33.33%\">\n<pre class=\"wp-block-verse\"><strong><mark style=\"background-color:rgba(0, 0, 0, 0)\" class=\"has-inline-color has-accent-color\">OUTER ROLL<\/mark><\/strong>&nbsp;(vertical roll) - &nbsp;\u201e<strong>Rolki\u201d zewn\u0119trzne<\/strong> \u2013 Znacz\u0105ce zgrubienie umiejscowione na przedniej cz\u0119\u015bci parkan\u00f3w przy zewn\u0119trznej kraw\u0119dzi, na ca\u0142ej ich d\u0142ugo\u015bci.<\/pre>\n<\/div>\n\n\n\n<div class=\"wp-block-column is-vertically-aligned-center is-layout-flow wp-block-column-is-layout-flow\" style=\"flex-basis:66.66%\"><div class=\"wp-block-image\">\n<figure class=\"aligncenter size-large is-resized\"><img loading=\"lazy\" decoding=\"async\" src=\"https:\/\/www.sportrebel.pl\/blog\/content\/uploads\/2022\/08\/bramkarz_hokej_parkany-min-2-1024x949.jpg\" alt=\"\" class=\"wp-image-940\" width=\"335\" height=\"311\" srcset=\"https:\/\/www.sportrebel.pl\/blog\/content\/uploads\/2022\/08\/bramkarz_hokej_parkany-min-2-1024x949.jpg 1024w, https:\/\/www.sportrebel.pl\/blog\/content\/uploads\/2022\/08\/bramkarz_hokej_parkany-min-2-300x278.jpg 300w, https:\/\/www.sportrebel.pl\/blog\/content\/uploads\/2022\/08\/bramkarz_hokej_parkany-min-2-768x712.jpg 768w, https:\/\/www.sportrebel.pl\/blog\/content\/uploads\/2022\/08\/bramkarz_hokej_parkany-min-2-1536x1424.jpg 1536w, https:\/\/www.sportrebel.pl\/blog\/content\/uploads\/2022\/08\/bramkarz_hokej_parkany-min-2-rotated.jpg 1592w\" sizes=\"auto, (max-width: 335px) 100vw, 335px\" \/><figcaption class=\"wp-element-caption\">Zewn\u0119trzne rolki w parkanach bramkarskich<\/figcaption><\/figure>\n<\/div><\/div>\n<\/div>\n\n\n\n<div class=\"wp-block-columns are-vertically-aligned-center is-layout-flex wp-container-core-columns-is-layout-9d6595d7 wp-block-columns-is-layout-flex\">\n<div class=\"wp-block-column is-vertically-aligned-center is-layout-flow wp-block-column-is-layout-flow\" style=\"flex-basis:33.33%\">\n<pre class=\"wp-block-verse\"><mark style=\"background-color:rgba(0, 0, 0, 0)\" class=\"has-inline-color has-accent-color\"><strong>BOOT<\/strong>\u00a0<\/mark>- <strong>But<\/strong> \u2013 najni\u017csza cz\u0119\u015b\u0107 parkan\u00f3w, kt\u00f3ra chroni \u0142y\u017cwy bramkarza<\/pre>\n<\/div>\n\n\n\n<div class=\"wp-block-column is-vertically-aligned-center is-layout-flow wp-block-column-is-layout-flow\" style=\"flex-basis:66.66%\"><div class=\"wp-block-image\">\n<figure class=\"aligncenter size-large is-resized\"><img loading=\"lazy\" decoding=\"async\" src=\"https:\/\/www.sportrebel.pl\/blog\/content\/uploads\/2022\/08\/bramkarz_hokej_czesc_lyzwy-min-1024x822.jpg\" alt=\"\" class=\"wp-image-943\" width=\"326\" height=\"262\" srcset=\"https:\/\/www.sportrebel.pl\/blog\/content\/uploads\/2022\/08\/bramkarz_hokej_czesc_lyzwy-min-1024x822.jpg 1024w, https:\/\/www.sportrebel.pl\/blog\/content\/uploads\/2022\/08\/bramkarz_hokej_czesc_lyzwy-min-300x241.jpg 300w, https:\/\/www.sportrebel.pl\/blog\/content\/uploads\/2022\/08\/bramkarz_hokej_czesc_lyzwy-min-768x616.jpg 768w, https:\/\/www.sportrebel.pl\/blog\/content\/uploads\/2022\/08\/bramkarz_hokej_czesc_lyzwy-min.jpg 1418w\" sizes=\"auto, (max-width: 326px) 100vw, 326px\" \/><figcaption class=\"wp-element-caption\">Cz\u0119\u015b\u0107 chroni\u0105ca \u0142y\u017cw\u0119<\/figcaption><\/figure>\n<\/div><\/div>\n<\/div>\n\n\n\n<div class=\"wp-block-columns are-vertically-aligned-center is-layout-flex wp-container-core-columns-is-layout-9d6595d7 wp-block-columns-is-layout-flex\">\n<div class=\"wp-block-column is-vertically-aligned-center is-layout-flow wp-block-column-is-layout-flow\" style=\"flex-basis:33.33%\">\n<pre class=\"wp-block-verse\"><strong><mark style=\"background-color:rgba(0, 0, 0, 0)\" class=\"has-inline-color has-accent-color\">CALF WINGS<\/mark><\/strong>&nbsp;- <strong>\"Skrzyd\u0142o\u201d \u0142ydki <\/strong>\u2013 umiejscowione z boku, na zewn\u0105trz panele chroni\u0105ce \u0142ydki, maj\u0105ce bezpo\u015bredni\u0105 styczno\u015b\u0107 z lodem w czasie obrony w <mark style=\"background-color:rgba(0, 0, 0, 0)\" class=\"has-inline-color has-contrast-color\"><a href=\"https:\/\/en.wikipedia.org\/wiki\/Butterfly_style\" target=\"_blank\" rel=\"noreferrer noopener\" title=\"pozycji \u201ebutterfly\u201d\">pozycji \u201ebutterfly\u201d<\/a><\/mark>. Czasem&nbsp; jako \u201eSkrzyd\u0142o\u201d \u0142ydki okre\u015bla si\u0119 &nbsp;&nbsp;&nbsp; razem i \u201eskrzyd\u0142o\u201d i klin. W parkanach Reebok nazywaj\u0105 to \u201e3D calf design\u201d<\/pre>\n<\/div>\n\n\n\n<div class=\"wp-block-column is-vertically-aligned-center is-layout-flow wp-block-column-is-layout-flow\" style=\"flex-basis:66.66%\"><div class=\"wp-block-image\">\n<figure class=\"aligncenter size-large is-resized\"><img loading=\"lazy\" decoding=\"async\" src=\"https:\/\/www.sportrebel.pl\/blog\/content\/uploads\/2022\/08\/bramkarz_hokej_skrzydlo_lydki-min-1024x783.jpg\" alt=\"\" class=\"wp-image-945\" width=\"321\" height=\"246\" srcset=\"https:\/\/www.sportrebel.pl\/blog\/content\/uploads\/2022\/08\/bramkarz_hokej_skrzydlo_lydki-min-1024x783.jpg 1024w, https:\/\/www.sportrebel.pl\/blog\/content\/uploads\/2022\/08\/bramkarz_hokej_skrzydlo_lydki-min-300x229.jpg 300w, https:\/\/www.sportrebel.pl\/blog\/content\/uploads\/2022\/08\/bramkarz_hokej_skrzydlo_lydki-min-768x587.jpg 768w, https:\/\/www.sportrebel.pl\/blog\/content\/uploads\/2022\/08\/bramkarz_hokej_skrzydlo_lydki-min.jpg 1217w\" sizes=\"auto, (max-width: 321px) 100vw, 321px\" \/><figcaption class=\"wp-element-caption\">&#8220;Skrzyd\u0142o&#8221; \u0142ydki w parkanach<\/figcaption><\/figure>\n<\/div><\/div>\n<\/div>\n\n\n\n<div class=\"wp-block-columns are-vertically-aligned-center is-layout-flex wp-container-core-columns-is-layout-9d6595d7 wp-block-columns-is-layout-flex\">\n<div class=\"wp-block-column is-vertically-aligned-center is-layout-flow wp-block-column-is-layout-flow\" style=\"flex-basis:33.33%\">\n<pre class=\"wp-block-verse\"><strong><mark style=\"background-color:rgba(0, 0, 0, 0)\" class=\"has-inline-color has-accent-color\">CALF WEDGE lub CALF LIFTS<\/mark> <\/strong>- <strong>Klin \u0142ydki<\/strong> \u2013 panel ( mi\u0119kka poduszka) umiejscowiona pomi\u0119dzy \u201eskrzyd\u0142em\u201d a owijaczem \u0142ydki. Pomaga lepiej &nbsp;przyj\u0105\u0107 pozycj\u0119 \u201ebutterfly\u201d, podwy\u017csza \u0142ydk\u0119 wzgl\u0119dem lodu, zapobiega zbytniemu okr\u0119caniu si\u0119 parkan\u00f3w w czasie obrony \u201ebutterflajem\u201d.<\/pre>\n<\/div>\n\n\n\n<div class=\"wp-block-column is-vertically-aligned-center is-layout-flow wp-block-column-is-layout-flow\" style=\"flex-basis:66.66%\"><div class=\"wp-block-image\">\n<figure class=\"aligncenter size-large is-resized\"><img loading=\"lazy\" decoding=\"async\" src=\"https:\/\/www.sportrebel.pl\/blog\/content\/uploads\/2022\/08\/bramkarz_hokej_klin_lydki-min-1024x683.jpg\" alt=\"\" class=\"wp-image-947\" width=\"322\" height=\"215\" srcset=\"https:\/\/www.sportrebel.pl\/blog\/content\/uploads\/2022\/08\/bramkarz_hokej_klin_lydki-min-1024x683.jpg 1024w, https:\/\/www.sportrebel.pl\/blog\/content\/uploads\/2022\/08\/bramkarz_hokej_klin_lydki-min-300x200.jpg 300w, https:\/\/www.sportrebel.pl\/blog\/content\/uploads\/2022\/08\/bramkarz_hokej_klin_lydki-min-768x512.jpg 768w, https:\/\/www.sportrebel.pl\/blog\/content\/uploads\/2022\/08\/bramkarz_hokej_klin_lydki-min.jpg 1436w\" sizes=\"auto, (max-width: 322px) 100vw, 322px\" \/><figcaption class=\"wp-element-caption\">Przyk\u0142adowy klin \u0142ydki <\/figcaption><\/figure>\n<\/div><\/div>\n<\/div>\n\n\n\n<div class=\"wp-block-columns are-vertically-aligned-center is-layout-flex wp-container-core-columns-is-layout-9d6595d7 wp-block-columns-is-layout-flex\">\n<div class=\"wp-block-column is-vertically-aligned-center is-layout-flow wp-block-column-is-layout-flow\" style=\"flex-basis:33.33%\">\n<pre class=\"wp-block-verse\"><strong><mark style=\"background-color:rgba(0, 0, 0, 0)\" class=\"has-inline-color has-accent-color\">CALF WRAPS czasem SHIN CRADLE <\/mark><\/strong>\u2013 <strong>Owijacz \u0142ydki (\u201eko\u0142yska\u201d&nbsp; goleni)<\/strong> \u2013 panel z&nbsp;mi\u0119kkiego nylonu lub pianki, owijany woko\u0142o \u0142ydki. Najbardziej wewn\u0119trzna cze\u015b\u0107 parkan\u00f3w styczna z \u0142ydk\u0105.<\/pre>\n<\/div>\n\n\n\n<div class=\"wp-block-column is-vertically-aligned-center is-layout-flow wp-block-column-is-layout-flow\" style=\"flex-basis:66.66%\"><div class=\"wp-block-image\">\n<figure class=\"aligncenter size-full is-resized\"><img loading=\"lazy\" decoding=\"async\" src=\"https:\/\/www.sportrebel.pl\/blog\/content\/uploads\/2022\/08\/bramkarz_hokej_owijacze_kolana.jpg\" alt=\"\" class=\"wp-image-951\" width=\"314\" height=\"512\" srcset=\"https:\/\/www.sportrebel.pl\/blog\/content\/uploads\/2022\/08\/bramkarz_hokej_owijacze_kolana.jpg 627w, https:\/\/www.sportrebel.pl\/blog\/content\/uploads\/2022\/08\/bramkarz_hokej_owijacze_kolana-184x300.jpg 184w\" sizes=\"auto, (max-width: 314px) 100vw, 314px\" \/><figcaption class=\"wp-element-caption\">Klasyczny owijacz \u0142ydki<\/figcaption><\/figure>\n<\/div><\/div>\n<\/div>\n\n\n\n<div class=\"wp-block-columns are-vertically-aligned-center is-layout-flex wp-container-core-columns-is-layout-9d6595d7 wp-block-columns-is-layout-flex\">\n<div class=\"wp-block-column is-vertically-aligned-center is-layout-flow wp-block-column-is-layout-flow\" style=\"flex-basis:33.33%\">\n<pre class=\"wp-block-verse\"><strong><mark style=\"background-color:rgba(0, 0, 0, 0)\" class=\"has-inline-color has-accent-color\">LEG CHANNEL<\/mark><\/strong>&nbsp;\u2013 <strong>\u201eKana\u0142\u201d no\u017cny<\/strong> \u2013 wn\u0119trze parkanu gdzie spoczywa noga bramkarza. Budowa i kszta\u0142t \u201ekana\u0142u\u201d no\u017cnego wp\u0142ywa na obracanie si\u0119 parkan\u00f3w.<\/pre>\n<\/div>\n\n\n\n<div class=\"wp-block-column is-vertically-aligned-center is-layout-flow wp-block-column-is-layout-flow\" style=\"flex-basis:66.66%\"><div class=\"wp-block-image\">\n<figure class=\"aligncenter size-full is-resized\"><img loading=\"lazy\" decoding=\"async\" src=\"https:\/\/www.sportrebel.pl\/blog\/content\/uploads\/2022\/08\/bramkarz_hokej_kanal_nozny.jpg\" alt=\"\" class=\"wp-image-949\" width=\"330\" height=\"330\" srcset=\"https:\/\/www.sportrebel.pl\/blog\/content\/uploads\/2022\/08\/bramkarz_hokej_kanal_nozny.jpg 1000w, https:\/\/www.sportrebel.pl\/blog\/content\/uploads\/2022\/08\/bramkarz_hokej_kanal_nozny-300x300.jpg 300w, https:\/\/www.sportrebel.pl\/blog\/content\/uploads\/2022\/08\/bramkarz_hokej_kanal_nozny-150x150.jpg 150w, https:\/\/www.sportrebel.pl\/blog\/content\/uploads\/2022\/08\/bramkarz_hokej_kanal_nozny-768x768.jpg 768w\" sizes=\"auto, (max-width: 330px) 100vw, 330px\" \/><figcaption class=\"wp-element-caption\">Kana\u0142 no\u017cny<\/figcaption><\/figure>\n<\/div><\/div>\n<\/div>\n\n\n\n<div class=\"wp-block-columns are-vertically-aligned-center is-layout-flex wp-container-core-columns-is-layout-9d6595d7 wp-block-columns-is-layout-flex\">\n<div class=\"wp-block-column is-vertically-aligned-center is-layout-flow wp-block-column-is-layout-flow\" style=\"flex-basis:33.33%\">\n<pre id=\"block-b8eaa1e6-82c2-4021-afa1-7c2091da4005\" class=\"wp-block-preformatted\"><strong><mark style=\"background-color:rgba(0, 0, 0, 0)\" class=\"has-inline-color has-accent-color\">THIGH RISE<\/mark><\/strong> - <strong>Cz\u0119\u015b\u0107 udowa<\/strong> \u2013 cz\u0119\u015b\u0107 parkan\u00f3w powy\u017cej kolana.<\/pre>\n<\/div>\n\n\n\n<div class=\"wp-block-column is-vertically-aligned-center is-layout-flow wp-block-column-is-layout-flow\" style=\"flex-basis:66.66%\"><div class=\"wp-block-image\">\n<figure class=\"aligncenter size-full is-resized\"><img loading=\"lazy\" decoding=\"async\" src=\"https:\/\/www.sportrebel.pl\/blog\/content\/uploads\/2022\/08\/bramkarz_hokej_czesc_udowa-1.jpg\" alt=\"\" class=\"wp-image-961\" width=\"155\" height=\"184\" srcset=\"https:\/\/www.sportrebel.pl\/blog\/content\/uploads\/2022\/08\/bramkarz_hokej_czesc_udowa-1.jpg 310w, https:\/\/www.sportrebel.pl\/blog\/content\/uploads\/2022\/08\/bramkarz_hokej_czesc_udowa-1-253x300.jpg 253w\" sizes=\"auto, (max-width: 155px) 100vw, 155px\" \/><\/figure>\n<\/div><\/div>\n<\/div>\n\n\n\n<div class=\"wp-block-columns are-vertically-aligned-center is-layout-flex wp-container-core-columns-is-layout-9d6595d7 wp-block-columns-is-layout-flex\">\n<div class=\"wp-block-column is-vertically-aligned-center is-layout-flow wp-block-column-is-layout-flow\" style=\"flex-basis:33.33%\">\n<pre class=\"wp-block-verse\"><strong><mark style=\"background-color:rgba(0, 0, 0, 0)\" class=\"has-inline-color has-accent-color\">KNEE STACKS<\/mark><\/strong>&nbsp;(knee raisers, knee flaps)- <strong>Owijacze kolana<\/strong> \u2013 mi\u0119kkie poduszki po wewn\u0119trznej i zewn\u0119trznej stronie kolana. W czasie bronienia w pozycji \u201ebutterfly\u201d kolana spoczywaj\u0105 bezpo\u015brednio na nich. Wp\u0142ywaj\u0105 na wygod\u0119 broni\u0105cego w czasie kl\u0119ku, z wiekiem bardziej przydatne.<\/pre>\n<\/div>\n\n\n\n<div class=\"wp-block-column is-vertically-aligned-center is-layout-flow wp-block-column-is-layout-flow\" style=\"flex-basis:66.66%\"><div class=\"wp-block-image\">\n<figure class=\"aligncenter size-large is-resized\"><img loading=\"lazy\" decoding=\"async\" src=\"https:\/\/www.sportrebel.pl\/blog\/content\/uploads\/2022\/08\/bramkarz_hokej_owijacz_kolana-880x1024.jpg\" alt=\"\" class=\"wp-image-956\" width=\"321\" height=\"374\" srcset=\"https:\/\/www.sportrebel.pl\/blog\/content\/uploads\/2022\/08\/bramkarz_hokej_owijacz_kolana-880x1024.jpg 880w, https:\/\/www.sportrebel.pl\/blog\/content\/uploads\/2022\/08\/bramkarz_hokej_owijacz_kolana-258x300.jpg 258w, https:\/\/www.sportrebel.pl\/blog\/content\/uploads\/2022\/08\/bramkarz_hokej_owijacz_kolana-768x894.jpg 768w, https:\/\/www.sportrebel.pl\/blog\/content\/uploads\/2022\/08\/bramkarz_hokej_owijacz_kolana-1319x1536.jpg 1319w, https:\/\/www.sportrebel.pl\/blog\/content\/uploads\/2022\/08\/bramkarz_hokej_owijacz_kolana-1759x2048.jpg 1759w, https:\/\/www.sportrebel.pl\/blog\/content\/uploads\/2022\/08\/bramkarz_hokej_owijacz_kolana.jpg 1816w\" sizes=\"auto, (max-width: 321px) 100vw, 321px\" \/><figcaption class=\"wp-element-caption\">Owijacz kolana<\/figcaption><\/figure>\n<\/div><\/div>\n<\/div>\n\n\n\n<div class=\"wp-block-columns are-vertically-aligned-center is-layout-flex wp-container-core-columns-is-layout-9d6595d7 wp-block-columns-is-layout-flex\">\n<div class=\"wp-block-column is-vertically-aligned-center is-layout-flow wp-block-column-is-layout-flow\" style=\"flex-basis:33.33%\">\n<pre class=\"wp-block-verse\"><strong><mark style=\"background-color:rgba(0, 0, 0, 0)\" class=\"has-inline-color has-accent-color\">KNEE LOCK czasem KNEE CRADLE<\/mark> <\/strong>- <strong>Zamek kolana<\/strong> (\u201eKo\u0142yska\u201d kolana) \u2013 miejsce w parkanie, w kt\u00f3re wk\u0142adamy kolano, czasem niekt\u00f3rzy jako zamek kolana okre\u015blaj\u0105 lewy i prawy owijacz z bok\u00f3w kolana, jednak lepiej przyj\u0105\u0107 pierwsz\u0105 wersj\u0119. Zamek kolana utrzymuje kolana na miejscu, poprawiaj\u0105c wygod\u0119. W nowych modelach sprz\u0119tu zamki kolana zazwyczaj mo\u017cna wyci\u0105ga\u0107  lub te\u017c regulowa\u0107 w zakresie horyzontalnym i wertykalnym.<\/pre>\n<\/div>\n\n\n\n<div class=\"wp-block-column is-vertically-aligned-center is-layout-flow wp-block-column-is-layout-flow\" style=\"flex-basis:66.66%\"><div class=\"wp-block-image\">\n<figure class=\"aligncenter size-full is-resized\"><img loading=\"lazy\" decoding=\"async\" src=\"https:\/\/www.sportrebel.pl\/blog\/content\/uploads\/2022\/08\/bramkarz_hokej_zamek_kolana.jpg\" alt=\"\" class=\"wp-image-957\" width=\"336\" height=\"198\" srcset=\"https:\/\/www.sportrebel.pl\/blog\/content\/uploads\/2022\/08\/bramkarz_hokej_zamek_kolana.jpg 922w, https:\/\/www.sportrebel.pl\/blog\/content\/uploads\/2022\/08\/bramkarz_hokej_zamek_kolana-300x177.jpg 300w, https:\/\/www.sportrebel.pl\/blog\/content\/uploads\/2022\/08\/bramkarz_hokej_zamek_kolana-768x453.jpg 768w\" sizes=\"auto, (max-width: 336px) 100vw, 336px\" \/><figcaption class=\"wp-element-caption\">Klasyczny zamek kolana z regulacj\u0105<\/figcaption><\/figure>\n<\/div><\/div>\n<\/div>\n\n\n\n<div class=\"wp-block-columns are-vertically-aligned-center is-layout-flex wp-container-core-columns-is-layout-9d6595d7 wp-block-columns-is-layout-flex\">\n<div class=\"wp-block-column is-vertically-aligned-center is-layout-flow wp-block-column-is-layout-flow\" style=\"flex-basis:33.33%\">\n<pre class=\"wp-block-verse\"><strong><mark style=\"background-color:rgba(0, 0, 0, 0)\" class=\"has-inline-color has-accent-color\">THIGH BOARDS<\/mark><\/strong>&nbsp;- <strong>P\u0142yta udowa<\/strong> \u2013 p\u0142aska klapa, kt\u00f3ra chroni g\u00f3rn\u0105 cz\u0119\u015b\u0107 uda od wewn\u0119trznej strony parkanu. Mo\u017cliwo\u015b\u0107 dopasowania jest bardzo wskazana, dzi\u0119ki dobremu ustawieniu. Schodz\u0105c do pozycji \u201ebutterfly\u201d p\u0142yty \u0142\u0105cz\u0105 si\u0119 razem zas\u0142aniaj\u0105c dziur\u0119 mi\u0119dzy nogami \u201eFive-Hole\u201d.<\/pre>\n<\/div>\n\n\n\n<div class=\"wp-block-column is-vertically-aligned-center is-layout-flow wp-block-column-is-layout-flow\" style=\"flex-basis:66.66%\"><div class=\"wp-block-image\">\n<figure class=\"aligncenter size-full is-resized\"><img loading=\"lazy\" decoding=\"async\" src=\"https:\/\/www.sportrebel.pl\/blog\/content\/uploads\/2022\/08\/bramkarz_hokej_plyta_udowa.jpg\" alt=\"\" class=\"wp-image-963\" width=\"331\" height=\"261\" srcset=\"https:\/\/www.sportrebel.pl\/blog\/content\/uploads\/2022\/08\/bramkarz_hokej_plyta_udowa.jpg 528w, https:\/\/www.sportrebel.pl\/blog\/content\/uploads\/2022\/08\/bramkarz_hokej_plyta_udowa-300x236.jpg 300w\" sizes=\"auto, (max-width: 331px) 100vw, 331px\" \/><\/figure>\n<\/div><\/div>\n<\/div>\n\n\n\n<div class=\"wp-block-columns are-vertically-aligned-center is-layout-flex wp-container-core-columns-is-layout-9d6595d7 wp-block-columns-is-layout-flex\">\n<div class=\"wp-block-column is-vertically-aligned-center is-layout-flow wp-block-column-is-layout-flow\" style=\"flex-basis:33.33%\">\n<pre class=\"wp-block-verse\"><mark style=\"background-color:rgba(0, 0, 0, 0)\" class=\"has-inline-color has-accent-color\"><strong>THIGH GUARDS<\/strong>\u00a0<\/mark>(knee guards) - <strong>Ochraniacze ud (ochraniacze kolan)<\/strong> \u2013 zaokr\u0105glone klapy, kt\u00f3re mo\u017cemy zapi\u0105\u0107 wok\u00f3\u0142 uda. Chroni\u0105 g\u00f3rn\u0105 cz\u0119\u015b\u0107 kolana w czasie obrony w pozycji butterfly. Generalnie mo\u017ce by\u0107 to to\u017csame z p\u0142yt\u0105 udow\u0105. W angielskiej terminologii cz\u0119sto Thigh Board i Thigh Guards s\u0105 traktowane tak samo. Ochraniacze ud mo\u017cna czasem spotka\u0107 po\u0142\u0105czone z bramkarskimi ochraniaczami kolan.<\/pre>\n<\/div>\n\n\n\n<div class=\"wp-block-column is-vertically-aligned-center is-layout-flow wp-block-column-is-layout-flow\" style=\"flex-basis:66.66%\"><div class=\"wp-block-image\">\n<figure class=\"aligncenter size-full is-resized\"><img loading=\"lazy\" decoding=\"async\" src=\"https:\/\/www.sportrebel.pl\/blog\/content\/uploads\/2022\/08\/bramkarz_hokej_Ochraniacze-ud.jpg\" alt=\"\" class=\"wp-image-964\" width=\"320\" height=\"331\" srcset=\"https:\/\/www.sportrebel.pl\/blog\/content\/uploads\/2022\/08\/bramkarz_hokej_Ochraniacze-ud.jpg 640w, https:\/\/www.sportrebel.pl\/blog\/content\/uploads\/2022\/08\/bramkarz_hokej_Ochraniacze-ud-290x300.jpg 290w\" sizes=\"auto, (max-width: 320px) 100vw, 320px\" \/><figcaption class=\"wp-element-caption\">Ochraniacze ud<\/figcaption><\/figure>\n<\/div><\/div>\n<\/div>\n\n\n\n<div class=\"wp-block-columns is-layout-flex wp-container-core-columns-is-layout-9d6595d7 wp-block-columns-is-layout-flex\">\n<div class=\"wp-block-column is-layout-flow wp-block-column-is-layout-flow\" style=\"flex-basis:33.33%\">\n<pre class=\"wp-block-verse\"><strong><mark style=\"background-color:rgba(0, 0, 0, 0)\" class=\"has-inline-color has-accent-color\">ROTATION<\/mark><\/strong>&nbsp;- <strong>Obr\u00f3t parkan\u00f3w<\/strong> (rotacja) \u2013 prz\u00f3d parkan\u00f3w, w czasie gdy bramkarz stoi, zwr\u00f3cony jest w stron\u0119 boiska i graj\u0105cych. Gdy brakarz przykl\u0119ka&nbsp;parkany obracaj\u0105 si\u0119 osiadaj\u0105c na swojej&nbsp; zewn\u0119trznej, bocznej stronie. Dzi\u0119ki temu ca\u0142y czas zwr\u00f3cone s\u0105 przodem do gry, powi\u0119kszaj\u0105c w czasie obrony pozycj\u0105 \"butterfly\u201d i obszar jaki bramkarz chroni.<\/pre>\n<\/div>\n\n\n\n<div class=\"wp-block-column is-layout-flow wp-block-column-is-layout-flow\" style=\"flex-basis:66.66%\"><div class=\"wp-block-image\">\n<figure class=\"aligncenter size-full\"><img loading=\"lazy\" decoding=\"async\" width=\"800\" height=\"182\" src=\"https:\/\/www.sportrebel.pl\/blog\/content\/uploads\/2022\/08\/bramkarz_hokej_rotacja.jpg\" alt=\"\" class=\"wp-image-959\" srcset=\"https:\/\/www.sportrebel.pl\/blog\/content\/uploads\/2022\/08\/bramkarz_hokej_rotacja.jpg 800w, https:\/\/www.sportrebel.pl\/blog\/content\/uploads\/2022\/08\/bramkarz_hokej_rotacja-300x68.jpg 300w, https:\/\/www.sportrebel.pl\/blog\/content\/uploads\/2022\/08\/bramkarz_hokej_rotacja-768x175.jpg 768w\" sizes=\"auto, (max-width: 800px) 100vw, 800px\" \/><figcaption class=\"wp-element-caption\">Parkany w czasie schodzenia do pozycji s\u0105 poddawane rotacji<\/figcaption><\/figure>\n<\/div>\n\n\n<p><\/p>\n<\/div>\n<\/div>\n\n\n\n<div class=\"wp-block-columns are-vertically-aligned-center is-layout-flex wp-container-core-columns-is-layout-9d6595d7 wp-block-columns-is-layout-flex\">\n<div class=\"wp-block-column is-vertically-aligned-center is-layout-flow wp-block-column-is-layout-flow\" style=\"flex-basis:33.33%\">\n<pre class=\"wp-block-verse\"><strong><mark style=\"background-color:rgba(0, 0, 0, 0)\" class=\"has-inline-color has-accent-color\">LANDING AREA<\/mark><\/strong>&nbsp;-<strong> Zeskok parkan\u00f3w<\/strong>\u2013 obszar wewn\u0105trz parkan\u00f3w kt\u00f3ry w czasie kl\u0119kania b\u0119dzie spoczywa\u0142 na lodzie i przylega\u0142 do niego. To na nim bramkarz wykonuje \u015blizgi.<\/pre>\n<\/div>\n\n\n\n<div class=\"wp-block-column is-vertically-aligned-center is-layout-flow wp-block-column-is-layout-flow\" style=\"flex-basis:66.66%\"><div class=\"wp-block-image\">\n<figure class=\"aligncenter size-full is-resized\"><img loading=\"lazy\" decoding=\"async\" src=\"https:\/\/www.sportrebel.pl\/blog\/content\/uploads\/2022\/08\/bramkarz_hokej_powierzchnia_styczna.jpg\" alt=\"\" class=\"wp-image-966\" width=\"276\" height=\"368\" srcset=\"https:\/\/www.sportrebel.pl\/blog\/content\/uploads\/2022\/08\/bramkarz_hokej_powierzchnia_styczna.jpg 368w, https:\/\/www.sportrebel.pl\/blog\/content\/uploads\/2022\/08\/bramkarz_hokej_powierzchnia_styczna-225x300.jpg 225w\" sizes=\"auto, (max-width: 276px) 100vw, 276px\" \/><figcaption class=\"wp-element-caption\">Strefa styku z lodem, na kt\u00f3rej spoczywaj\u0105 parkany<\/figcaption><\/figure>\n<\/div><\/div>\n<\/div>\n\n\n\n<h3 class=\"wp-block-heading\">MINI S\u0141OWNICZEK BRAMKARSKI<\/h3>\n\n\n\n<p>Cz\u0119sto powtarzaj\u0105ce si\u0119 zwroty przy opisach sprz\u0119tu bramkarskiego:<\/p>\n\n\n\n<ul class=\"wp-block-list\">\n<li><strong> synthetic leather<\/strong> &#8211; syntetyczna sk\u00f3ra<\/li>\n<\/ul>\n\n\n\n<ul class=\"wp-block-list\">\n<li> <strong>water repelent<\/strong> &#8211; wodoodporna<\/li>\n<\/ul>\n\n\n\n<ul class=\"wp-block-list\">\n<li> <strong>colour fast<\/strong> &#8211; o trwa\u0142ych kolorach<\/li>\n<\/ul>\n\n\n\n<ul class=\"wp-block-list\">\n<li> <strong>lighter<\/strong> &#8211;&nbsp;obni\u017cona waga<\/li>\n<\/ul>\n\n\n\n<ul class=\"wp-block-list\">\n<li> <strong>not gain weight over the years<\/strong> &#8211;&nbsp;nie nabieraj\u0105 wagi w czasie u\u017cytkowania<\/li>\n<\/ul>\n\n\n\n<ul class=\"wp-block-list\">\n<li> <strong>foam inserted inside<\/strong> \u2013 wewn\u0105trz wk\u0142adki z pianki<\/li>\n<\/ul>\n\n\n\n<ul class=\"wp-block-list\">\n<li> <strong>layered foam<\/strong> \u2013 pianka warstwowa<\/li>\n<\/ul>\n\n\n\n<ul class=\"wp-block-list\">\n<li> <strong>high density foam<\/strong> \u2013 pianka o zwi\u0119kszonej g\u0119sto\u015bci (cz\u0119sto l\u017cejsza, nie zwi\u0119kszaj\u0105ca swojej wagi w trakcie u\u017cytkowania)<\/li>\n<\/ul>\n\n\n\n<ul class=\"wp-block-list\">\n<li><strong>stitching<\/strong> \u2013 haft na parkanie (logo pe\u0142ni\u0105ce funkcje dekoracyjne)<br> <\/li>\n\n\n\n<li><strong>embroidered name<\/strong> \u2013 wyszywana nazwa gracza (nie mo\u017ce by\u0107 ca\u0142e, np. W.Gretzky jest prawid\u0142owe)<br><\/li>\n\n\n\n<li><strong>high density foam, i.e. hd30<\/strong> \u2013 pianka o wysokiej g\u0119sto\u015bci (praktycznie tak twarda jak plastik, jednak lekka jak pianka)<\/li>\n<\/ul>\n\n\n\n<ul class=\"wp-block-list\">\n<li><strong>thigh rise are squared off <\/strong>\u2013 cz\u0119\u015b\u0107 udowa parkan\u00f3w ma kwadratowy kszta\u0142t (kraw\u0119dzie s\u0105 ustawione pod k\u0105tem 90 stopni, tak by zwi\u0119kszy\u0107 maksymalnie pole jakie chroni\u0105 parkany w czasie obrony stylem \u201ebutterfly\u201d)<\/li>\n\n\n\n<li><strong>unbreakable quick release buckles<\/strong> \u2013 klamry zatrzaskowe z mo\u017cliwo\u015bci\u0105 szybkiego rozpi\u0119cia<\/li>\n<\/ul>\n\n\n\n<ul class=\"wp-block-list\">\n<li><strong>leather strap has PU coating<\/strong> \u2013 sk\u00f3rzany pasek z poliuretanow\u0105 os\u0142on\u0105<\/li>\n<\/ul>\n\n\n\n<ul class=\"wp-block-list\">\n<li><strong>custom graphics<\/strong> \u2013 mo\u017cliwo\u015b\u0107 doboru grafiki na parkanach <\/li>\n<\/ul>\n\n\n\n<p>Jak ju\u017c wspomnieli\u015bmy pozycja bramkarza jest naprawd\u0119 inna ni\u017c zawodnika pola. Postarali\u015bmy si\u0119 przybli\u017cy\u0107 niekt\u00f3re poj\u0119cia, znane w naszym &#8220;\u015bwiecie&#8221; hokejowym. Bramkarz ma na sobie du\u017co sprz\u0119tu, dlatego warto pozna\u0107 tak\u017ce poj\u0119cia z nim zwi\u0105zane aby lepiej wiedzie\u0107 na co zwraca\u0107 uwag\u0119 i sta\u0107 si\u0119 bardziej \u015bwiadomym zawodnikiem.<\/p>\n","protected":false},"excerpt":{"rendered":"<p><span class=\"span-reading-time rt-reading-time\" style=\"display: block;\"><span class=\"rt-label rt-prefix\">Reading Time: <\/span> <span class=\"rt-time\"> 7<\/span> <span class=\"rt-label rt-postfix\">minutes<\/span><\/span>Pozycja bramkarza. S\u0142owem wst\u0119pu. Pozycja bramkarza w hokeju to kompletnie odmienna gra ni\u017c zawodnika z pola. Hokejowy bramkarz, czyli popularny \u201eGOALIE\u201d to wymagaj\u0105ca robota charakteryzuj\u0105ca si\u0119 wyj\u0105tkowym treningiem, sprz\u0119tem oraz podej\u015bciem do kwestii mentalnych na lodzie. Chcemy Wam dzi\u015b przybli\u017cy\u0107 &#8230; <a title=\"Bramkarz w hokeju &#8211; s\u0142ownik poj\u0119\u0107.\" class=\"read-more\" href=\"https:\/\/www.sportrebel.pl\/blog\/bramkarz-w-hokeju-slownik-pojec\/\" aria-label=\"More on Bramkarz w hokeju &#8211; s\u0142ownik poj\u0119\u0107.\">Czytaj dalej<\/a><\/p>\n","protected":false},"author":6,"featured_media":981,"comment_status":"open","ping_status":"open","sticky":false,"template":"","format":"standard","meta":{"inline_featured_image":false,"footnotes":""},"categories":[2],"tags":[54,53,18,33,20,55,25],"class_list":["post-903","post","type-post","status-publish","format-standard","has-post-thumbnail","hentry","category-hokej","tag-bramkarz","tag-goalie","tag-hokej-2","tag-lodowisko","tag-nhl-2","tag-parkany","tag-sportrebel","generate-columns","tablet-grid-50","mobile-grid-100","grid-parent","grid-33"],"aioseo_notices":[],"_links":{"self":[{"href":"https:\/\/www.sportrebel.pl\/blog\/wp-json\/wp\/v2\/posts\/903","targetHints":{"allow":["GET"]}}],"collection":[{"href":"https:\/\/www.sportrebel.pl\/blog\/wp-json\/wp\/v2\/posts"}],"about":[{"href":"https:\/\/www.sportrebel.pl\/blog\/wp-json\/wp\/v2\/types\/post"}],"author":[{"embeddable":true,"href":"https:\/\/www.sportrebel.pl\/blog\/wp-json\/wp\/v2\/users\/6"}],"replies":[{"embeddable":true,"href":"https:\/\/www.sportrebel.pl\/blog\/wp-json\/wp\/v2\/comments?post=903"}],"version-history":[{"count":52,"href":"https:\/\/www.sportrebel.pl\/blog\/wp-json\/wp\/v2\/posts\/903\/revisions"}],"predecessor-version":[{"id":1309,"href":"https:\/\/www.sportrebel.pl\/blog\/wp-json\/wp\/v2\/posts\/903\/revisions\/1309"}],"wp:featuredmedia":[{"embeddable":true,"href":"https:\/\/www.sportrebel.pl\/blog\/wp-json\/wp\/v2\/media\/981"}],"wp:attachment":[{"href":"https:\/\/www.sportrebel.pl\/blog\/wp-json\/wp\/v2\/media?parent=903"}],"wp:term":[{"taxonomy":"category","embeddable":true,"href":"https:\/\/www.sportrebel.pl\/blog\/wp-json\/wp\/v2\/categories?post=903"},{"taxonomy":"post_tag","embeddable":true,"href":"https:\/\/www.sportrebel.pl\/blog\/wp-json\/wp\/v2\/tags?post=903"}],"curies":[{"name":"wp","href":"https:\/\/api.w.org\/{rel}","templated":true}]}}